{"id":39,"date":"2023-04-28T00:00:23","date_gmt":"2023-04-28T03:00:23","guid":{"rendered":"http:\/\/themes.tielabs.com\/sahifa5\/?p=39"},"modified":"2023-04-29T00:18:00","modified_gmt":"2023-04-29T03:18:00","slug":"dia-28-de-abril","status":"publish","type":"post","link":"https:\/\/abrilverde.com.br\/portal\/2023\/04\/28\/dia-28-de-abril\/","title":{"rendered":"Dia 28 de abril"},"content":{"rendered":"\t\t<div data-elementor-type=\"wp-post\" data-elementor-id=\"39\" class=\"elementor elementor-39\">\n\t\t\t\t\t\t\t\t\t<section class=\"elementor-section elementor-top-section elementor-element elementor-element-e338eaf elementor-section-boxed elementor-section-height-default elementor-section-height-default wpr-particle-no wpr-jarallax-no wpr-parallax-no wpr-sticky-section-no\" data-id=\"e338eaf\" data-element_type=\"section\">\n\t\t\t\t\t\t<div class=\"elementor-container elementor-column-gap-default\">\n\t\t\t\t\t<div class=\"elementor-column elementor-col-100 elementor-top-column elementor-element elementor-element-ad51564\" data-id=\"ad51564\" data-element_type=\"column\">\n\t\t\t<div class=\"elementor-widget-wrap elementor-element-populated\">\n\t\t\t\t\t\t\t\t<div class=\"elementor-element elementor-element-1565fcf elementor-widget elementor-widget-heading\" data-id=\"1565fcf\" data-element_type=\"widget\" data-widget_type=\"heading.default\">\n\t\t\t\t<div class=\"elementor-widget-container\">\n\t\t\t<style>\/*! elementor - v3.11.5 - 14-03-2023 *\/\n.elementor-heading-title{padding:0;margin:0;line-height:1}.elementor-widget-heading .elementor-heading-title[class*=elementor-size-]>a{color:inherit;font-size:inherit;line-height:inherit}.elementor-widget-heading .elementor-heading-title.elementor-size-small{font-size:15px}.elementor-widget-heading .elementor-heading-title.elementor-size-medium{font-size:19px}.elementor-widget-heading .elementor-heading-title.elementor-size-large{font-size:29px}.elementor-widget-heading .elementor-heading-title.elementor-size-xl{font-size:39px}.elementor-widget-heading .elementor-heading-title.elementor-size-xxl{font-size:59px}<\/style><h2 class=\"elementor-heading-title elementor-size-default\">Dia Mundial em Mem\u00f3ria das V\u00edtimas dos Acidentes e Doen\u00e7as do Trabalho<\/h2>\t\t<\/div>\n\t\t\t\t<\/div>\n\t\t\t\t\t<\/div>\n\t\t<\/div>\n\t\t\t\t\t\t\t<\/div>\n\t\t<\/section>\n\t\t\t\t<section class=\"elementor-section elementor-top-section elementor-element elementor-element-d51151b elementor-section-boxed elementor-section-height-default elementor-section-height-default wpr-particle-no wpr-jarallax-no wpr-parallax-no wpr-sticky-section-no\" data-id=\"d51151b\" data-element_type=\"section\">\n\t\t\t\t\t\t<div class=\"elementor-container elementor-column-gap-default\">\n\t\t\t\t\t<div class=\"elementor-column elementor-col-100 elementor-top-column elementor-element elementor-element-9854e4a\" data-id=\"9854e4a\" data-element_type=\"column\">\n\t\t\t<div class=\"elementor-widget-wrap elementor-element-populated\">\n\t\t\t\t\t\t\t\t<div class=\"elementor-element elementor-element-70582db elementor-widget elementor-widget-text-editor\" data-id=\"70582db\" data-element_type=\"widget\" data-widget_type=\"text-editor.default\">\n\t\t\t\t<div class=\"elementor-widget-container\">\n\t\t\t<style>\/*! elementor - v3.11.5 - 14-03-2023 *\/\n.elementor-widget-text-editor.elementor-drop-cap-view-stacked .elementor-drop-cap{background-color:#818a91;color:#fff}.elementor-widget-text-editor.elementor-drop-cap-view-framed .elementor-drop-cap{color:#818a91;border:3px solid;background-color:transparent}.elementor-widget-text-editor:not(.elementor-drop-cap-view-default) .elementor-drop-cap{margin-top:8px}.elementor-widget-text-editor:not(.elementor-drop-cap-view-default) .elementor-drop-cap-letter{width:1em;height:1em}.elementor-widget-text-editor .elementor-drop-cap{float:left;text-align:center;line-height:1;font-size:50px}.elementor-widget-text-editor .elementor-drop-cap-letter{display:inline-block}<\/style>\t\t\t\t<p><img loading=\"lazy\" decoding=\"async\" class=\"size-medium wp-image-1311 alignleft\" src=\"https:\/\/abrilverde.com.br\/portal\/wp-content\/uploads\/2023\/03\/AB.-300x230.jpg\" alt=\"\" width=\"300\" height=\"230\" srcset=\"https:\/\/abrilverde.com.br\/portal\/wp-content\/uploads\/2023\/03\/AB.-300x230.jpg 300w, https:\/\/abrilverde.com.br\/portal\/wp-content\/uploads\/2023\/03\/AB..jpg 444w\" sizes=\"auto, (max-width: 300px) 100vw, 300px\" \/><\/p><p>A Organiza\u00e7\u00e3o Internacional do Trabalho (OIT) instituiu o dia 28 de abril como o Dia Mundial da Seguran\u00e7a e da Sa\u00fade no Trabalho, em mem\u00f3ria \u00e0s v\u00edtimas de acidentes e doen\u00e7as relacionadas ao trabalho. No Brasil, a\u00a0Lei 11.121\/2005\u00a0instituiu o mesmo dia como o Dia Nacional em Mem\u00f3ria das V\u00edtimas de Acidentes e Doen\u00e7as do Trabalho.<\/p><p>De acordo com a Previd\u00eancia Social e o Minist\u00e9rio do Trabalho, no Brasil acontecem mais de 700 mil acidentes do trabalho por ano.<br \/>O dia 28 de abril significa, no mundo inteiro, a data escolhida para lembrar dos trabalhadores e trabalhadoras vitimados por acidentes do trabalho e por doen\u00e7as profissionais e outras doen\u00e7as relacionadas ao trabalho, e para lutar por melhores condi\u00e7\u00f5es de trabalho, para que tais perdas humanas n\u00e3o voltem, jamais, a acontecer. E que jamais voltem a ser toleradas e \u201cnaturalizadas\u201d pela sociedade, pelos empregadores e pelos governos, como se isto fosse normal; fosse \u2018inerente\u2019 ao trabalho; fosse o \u2018pre\u00e7o do progresso\u2019, e outras fal\u00e1cias que constroem e mant\u00eam uma ideologia perversa. Isto n\u00e3o poderia ser jamais tolerado! E isto deve ser dito e repetido no 28 de abril de cada ano, e em todos os outros dias do ano, todos os anos!<br \/>Proposto pelos movimentos sociais dos EUA, a data foi escolhida em fun\u00e7\u00e3o do dia 28 de abril de 1969, quando a explos\u00e3o de uma mina em Farmington, no Estado da Virg\u00ednia, matou 78 trabalhadores. A iniciativa de criar um \u201cMemorial Day\u201d rapidamente alcan\u00e7ou os movimentos sociais e de trabalhadores de outros pa\u00edses, e, tamb\u00e9m, chegou no Brasil.<\/p><p>Por sua vez, a Organiza\u00e7\u00e3o Internacional do Trabalho (OIT), a partir de 2003, elegeu o \u201928 de abril\u201d para celebrar o \u201cDia Mundial de Seguran\u00e7a e Sa\u00fade no Trabalho\u201d. No Brasil, o \u201cDia Internacional em Mem\u00f3ria das V\u00edtimas de Acidentes e Doen\u00e7as do Trabalho\u201d, com o dram\u00e1tico subt\u00edtulo \u201cLembrar os mortos \u2013 Lutar pelos vivos\u201d, tornou-se, de 2005 em diante, o \u201cDia Nacional em Mem\u00f3ria das V\u00edtimas de Acidentes e Doen\u00e7as do Trabalho\u201d, gra\u00e7as \u00e0 Lei no. 11.121\/2005. Portanto, as diferentes iniciativas, com pequenas varia\u00e7\u00f5es no nome, convergem na grande quest\u00e3o da Sa\u00fade e Seguran\u00e7a dos Trabalhadores e Trabalhadores, que deve ser lembrada todos os dias, e que tem o \u201c28 de abril\u201d como data emblem\u00e1tica de mem\u00f3ria, de luta e de promo\u00e7\u00e3o do Trabalho Digno, Seguro e Saud\u00e1vel.<\/p><p>#abrilverde<\/p>\t\t\t\t\t\t<\/div>\n\t\t\t\t<\/div>\n\t\t\t\t\t<\/div>\n\t\t<\/div>\n\t\t\t\t\t\t\t<\/div>\n\t\t<\/section>\n\t\t\t\t\t\t\t<\/div>\n\t\t","protected":false},"excerpt":{"rendered":"<p>Dia Mundial em Mem\u00f3ria das V\u00edtimas dos Acidentes e Doen\u00e7as do Trabalho A Organiza\u00e7\u00e3o Internacional do Trabalho (OIT) instituiu o dia 28 de abril como o Dia Mundial da Seguran\u00e7a e da Sa\u00fade no Trabalho, em mem\u00f3ria \u00e0s v\u00edtimas de acidentes e doen\u00e7as relacionadas ao trabalho. No Brasil, a\u00a0Lei 11.121\/2005\u00a0instituiu o mesmo dia como o &hellip;<\/p>\n","protected":false},"author":1,"featured_media":2204,"comment_status":"open","ping_status":"open","sticky":true,"template":"","format":"standard","meta":{"_joinchat":[],"footnotes":""},"categories":[41],"tags":[],"class_list":["post-39","post","type-post","status-publish","format-standard","has-post-thumbnail","","category-movimento-abril-verde"],"_links":{"self":[{"href":"https:\/\/abrilverde.com.br\/portal\/wp-json\/wp\/v2\/posts\/39","targetHints":{"allow":["GET"]}}],"collection":[{"href":"https:\/\/abrilverde.com.br\/portal\/wp-json\/wp\/v2\/posts"}],"about":[{"href":"https:\/\/abrilverde.com.br\/portal\/wp-json\/wp\/v2\/types\/post"}],"author":[{"embeddable":true,"href":"https:\/\/abrilverde.com.br\/portal\/wp-json\/wp\/v2\/users\/1"}],"replies":[{"embeddable":true,"href":"https:\/\/abrilverde.com.br\/portal\/wp-json\/wp\/v2\/comments?post=39"}],"version-history":[{"count":67,"href":"https:\/\/abrilverde.com.br\/portal\/wp-json\/wp\/v2\/posts\/39\/revisions"}],"predecessor-version":[{"id":2202,"href":"https:\/\/abrilverde.com.br\/portal\/wp-json\/wp\/v2\/posts\/39\/revisions\/2202"}],"wp:featuredmedia":[{"embeddable":true,"href":"https:\/\/abrilverde.com.br\/portal\/wp-json\/wp\/v2\/media\/2204"}],"wp:attachment":[{"href":"https:\/\/abrilverde.com.br\/portal\/wp-json\/wp\/v2\/media?parent=39"}],"wp:term":[{"taxonomy":"category","embeddable":true,"href":"https:\/\/abrilverde.com.br\/portal\/wp-json\/wp\/v2\/categories?post=39"},{"taxonomy":"post_tag","embeddable":true,"href":"https:\/\/abrilverde.com.br\/portal\/wp-json\/wp\/v2\/tags?post=39"}],"curies":[{"name":"wp","href":"https:\/\/api.w.org\/{rel}","templated":true}]}}